{"id":3465,"date":"2019-09-18T12:06:55","date_gmt":"2019-09-18T12:06:55","guid":{"rendered":"https:\/\/faardit.org.ar\/web\/?p=3465"},"modified":"2019-09-18T12:07:02","modified_gmt":"2019-09-18T12:07:02","slug":"curso-online-diagnostico-y-manejo-del-cancer-de-prostata-seram","status":"publish","type":"post","link":"https:\/\/faardit.org.ar\/web\/2019\/09\/18\/curso-online-diagnostico-y-manejo-del-cancer-de-prostata-seram\/","title":{"rendered":"Curso Online Diagn\u00f3stico y Manejo del C\u00e1ncer de Pr\u00f3stata &#8211; SERAM"},"content":{"rendered":"<p>Para m\u00e1s informaci\u00f3n acceda <a href=\"http:\/\/espacio-seram.com\/producto\/rmmp-en-el-diagnostico-y-manejo-del-cancer-de-prostata?utm_source=correo_masivo&amp;utm_medium=email&amp;utm_campaign=prostata\">aqu\u00ed<\/a><\/p>\n<p><img loading=\"lazy\" class=\"alignnone size-full wp-image-3466\" src=\"https:\/\/faardit.org.ar\/web\/wp-content\/uploads\/2019\/09\/67745040_10157495302869400_2872466413803536384_o.jpg\" alt=\"\" width=\"1584\" height=\"453\" srcset=\"https:\/\/faardit.org.ar\/web\/wp-content\/uploads\/2019\/09\/67745040_10157495302869400_2872466413803536384_o.jpg 1584w, https:\/\/faardit.org.ar\/web\/wp-content\/uploads\/2019\/09\/67745040_10157495302869400_2872466413803536384_o-300x86.jpg 300w, https:\/\/faardit.org.ar\/web\/wp-content\/uploads\/2019\/09\/67745040_10157495302869400_2872466413803536384_o-768x220.jpg 768w, https:\/\/faardit.org.ar\/web\/wp-content\/uploads\/2019\/09\/67745040_10157495302869400_2872466413803536384_o-1024x293.jpg 1024w\" sizes=\"(max-width: 1584px) 100vw, 1584px\" \/><\/p>\n","protected":false},"excerpt":{"rendered":"<p>Para m\u00e1s informaci\u00f3n acceda aqu\u00ed<\/p>\n","protected":false},"author":2,"featured_media":0,"comment_status":"closed","ping_status":"closed","sticky":false,"template":"","format":"standard","meta":[],"categories":[1],"tags":[],"_links":{"self":[{"href":"https:\/\/faardit.org.ar\/web\/wp-json\/wp\/v2\/posts\/3465"}],"collection":[{"href":"https:\/\/faardit.org.ar\/web\/wp-json\/wp\/v2\/posts"}],"about":[{"href":"https:\/\/faardit.org.ar\/web\/wp-json\/wp\/v2\/types\/post"}],"author":[{"embeddable":true,"href":"https:\/\/faardit.org.ar\/web\/wp-json\/wp\/v2\/users\/2"}],"replies":[{"embeddable":true,"href":"https:\/\/faardit.org.ar\/web\/wp-json\/wp\/v2\/comments?post=3465"}],"version-history":[{"count":1,"href":"https:\/\/faardit.org.ar\/web\/wp-json\/wp\/v2\/posts\/3465\/revisions"}],"predecessor-version":[{"id":3467,"href":"https:\/\/faardit.org.ar\/web\/wp-json\/wp\/v2\/posts\/3465\/revisions\/3467"}],"wp:attachment":[{"href":"https:\/\/faardit.org.ar\/web\/wp-json\/wp\/v2\/media?parent=3465"}],"wp:term":[{"taxonomy":"category","embeddable":true,"href":"https:\/\/faardit.org.ar\/web\/wp-json\/wp\/v2\/categories?post=3465"},{"taxonomy":"post_tag","embeddable":true,"href":"https:\/\/faardit.org.ar\/web\/wp-json\/wp\/v2\/tags?post=3465"}],"curies":[{"name":"wp","href":"https:\/\/api.w.org\/{rel}","templated":true}]}}